{"id":31880,"date":"2025-10-25T05:02:38","date_gmt":"2025-10-25T03:02:38","guid":{"rendered":"https:\/\/osfm-splet.splet.arnes.si\/?p=31880"},"modified":"2025-10-25T05:02:45","modified_gmt":"2025-10-25T03:02:45","slug":"erasmus-catania-5-dan","status":"publish","type":"post","link":"https:\/\/fmalgaja.si\/?p=31880","title":{"rendered":"ERASMUS+ CATANIA \u2013 5. dan"},"content":{"rendered":"<p>[et_pb_section fb_built=&#8221;1&#8243; theme_builder_area=&#8221;post_content&#8221; _builder_version=&#8221;4.27.4&#8243; _module_preset=&#8221;default&#8221;][et_pb_row _builder_version=&#8221;4.27.4&#8243; _module_preset=&#8221;default&#8221; column_structure=&#8221;1_2,1_2&#8243; theme_builder_area=&#8221;post_content&#8221;][et_pb_column _builder_version=&#8221;4.27.4&#8243; _module_preset=&#8221;default&#8221; type=&#8221;1_2&#8243; theme_builder_area=&#8221;post_content&#8221;][et_pb_text _builder_version=&#8221;4.27.4&#8243; _module_preset=&#8221;default&#8221; theme_builder_area=&#8221;post_content&#8221; hover_enabled=&#8221;0&#8243; sticky_enabled=&#8221;0&#8243;]<\/p>\n<p><span style=\"font-weight: 400\">Zadnji dan na\u0161e Erasmus+ mobilnosti na Siciliji je bil pre\u017eet z ob\u010dutki hvale\u017enosti, povezanosti in zavedanja, kako dragocena je izku\u0161nja, ki smo jo do\u017eiveli. Dopoldne je bilo namenjeno job shadowingu, kjer smo spremljali pouk umetnostne zgodovine na temo Ravenskih mozaikov. Italijanski dijaki so nas s svojim znanjem in ustvarjalnostjo popeljali v svet ble\u0161\u010de\u010dih barv, podob in simbolov, ki krasijo znamenite mozaike. Z zanimanjem smo opazovali, kako se umetnost prepleta z zgodovino in duhovnostjo, ter spoznali pomen kulturne dedi\u0161\u010dine, ki jo Erasmus projekti tako skrbno ohranjajo in predstavljajo.<\/span><\/p>\n<p><span style=\"font-weight: 400\">Sledilo je ganljivo sre\u010danje s pomo\u010dnico za komunikacijo, ki nam je predstavila svoje delo z u\u010dencem s posebnimi potrebami. Z velikim srcem in strokovnim znanjem nam je pokazala, kako z individualnim pristopom, potrpe\u017eljivostjo pomaga u\u010dencu, da izrazi svoje misli, \u010dustva in mo\u010dna podro\u010dja. Ta del dneva je vsem pustil mo\u010dan vtis \u2013 spoznali smo, da je inkluzija resni\u010dno temelj sr\u010dne in sodobne \u0161ole. Nato so, pred skupnim kosilom,&nbsp; pripravili \u0161e krasen glasbeni program, v katerem so nastopili u\u010denci in u\u010ditelji gostiteljske \u0161ole. V u\u010dilnici na prostem je zazvenela glasba, ples in smeh, nato pa so sledili zaklju\u010dni govori Erasmus koordinatorjev, polni iskrenih besed o sodelovanju, spo\u0161tovanju, prijateljstvu in mo\u010di mednarodnih izku\u0161enj. \u0160e posebej so se nam vtisnile besede, da smo v tem tednu \u201c\u017eiveli Evropo v malem\u201d \u2013 teden poln u\u010denja, povezovanja, ustvarjalnosti, sprejemanja razli\u010dnosti in skupnih sanj o bolj\u0161em svetu. Zadnji pevski nastop je bila pesem znanega sicilijanskega pevca Franca Battiata, katerega pesem nas je ganila do solz. Ko je zazvenel zadnji verz in je u\u010ditelj tiho dodal misel o tem, \u201ckako lepo nam je tukaj \u2013 in kako blizu, tam \u010dez morje, trpi Gaza\u201d, se je v u\u010dilnici na prostem razlegla ti\u0161ina, polna so\u010dutja in refleksije.&nbsp;<\/span><\/p>\n<p><span style=\"font-weight: 400\">Za konec pa \u0161e iskrena zahvala vsem u\u010diteljem gostiteljske \u0161ole, ki so se ves teden trudili, da smo se po\u010dutili dobro, da smo videli, do\u017eiveli ogromno stvari. S svojo prijaznostjo in dobro organizacijo so ustvarili nepozabno Erasmus izku\u0161njo, ki nam bo za vedno ostala v srcu. Povedanemu pri\u010dajo tudi dodane fotografije.<\/span><\/p>\n<p><span style=\"font-weight: 400\">Naj \u0161e dodamo, da smo zve\u010der, pred po\u010ditkom \u2013 tako kot u\u010denci na Malgaju \u2013 poslu\u0161ali \u0161e posnetek \u0161olskega radia, ki sta nam ga na mail poslali u\u010diteljici Tanja in Zala in so ga pripravili u\u010denci ob dnevu reformacije in dnevu spomina na mrtve. Potovanje v preteklost z <\/span><i><span style=\"font-weight: 400\">Melanijo, Franom in Binetom<\/span><\/i><span style=\"font-weight: 400\"> nas je tudi tukaj, na Siciliji, spomnilo na pomen pomen 31. oktobra, pomen slovenskega jezika, kulture. <\/span><i><span style=\"font-weight: 400\">\u017dana in Lejla <\/span><\/i><span style=\"font-weight: 400\">pa sta nas spomnili na pomen spo\u0161tovanja do tistih, ki jih ni ve\u010d, ter lepo zaokro\u017eile na\u0161 dan, poln razmi\u0161ljanja, miru in povezanosti.&nbsp;<\/span><\/p>\n<p><span style=\"font-weight: 400\">Malce pa \u017ee pogre\u0161amo dom in doma\u010de \u2026 Jutri nas \u010daka pot domov \u2026<\/span><\/p>\n<p>[\/et_pb_text][\/et_pb_column][et_pb_column _builder_version=&#8221;4.27.4&#8243; _module_preset=&#8221;default&#8221; type=&#8221;1_2&#8243; theme_builder_area=&#8221;post_content&#8221;][et_pb_gallery _builder_version=&#8221;4.27.4&#8243; _module_preset=&#8221;default&#8221; theme_builder_area=&#8221;post_content&#8221; gallery_ids=&#8221;31913,31912,31911,31910,31909,31908,31907,31906,31905,31904,31903,31902,31901,31900,31899,31898,31897,31896,31895,31894,31893,31892,31891,31890,31889,31888,31887,31886,31885,31884,31883&#8243; hover_enabled=&#8221;0&#8243; sticky_enabled=&#8221;0&#8243;][\/et_pb_gallery][\/et_pb_column][\/et_pb_row][\/et_pb_section]<\/p>\n","protected":false},"excerpt":{"rendered":"<p>Zadnji dan na\u0161e Erasmus+ mobilnosti na Siciliji je bil pre\u017eet z ob\u010dutki hvale\u017enosti, povezanosti in zavedanja, kako dragocena je izku\u0161nja, ki smo jo do\u017eiveli. Dopoldne je bilo namenjeno job shadowingu, kjer smo spremljali pouk umetnostne zgodovine na temo Ravenskih mozaikov. Italijanski dijaki so nas s svojim znanjem in ustvarjalnostjo popeljali v svet ble\u0161\u010de\u010dih barv, podob [&hellip;]<\/p>\n","protected":false},"author":41429,"featured_media":31894,"comment_status":"closed","ping_status":"open","sticky":false,"template":"","format":"standard","meta":{"_et_pb_use_builder":"on","_et_pb_old_content":"","_et_gb_content_width":"","ngg_post_thumbnail":0,"footnotes":"","_expiration-date-status":"","_expiration-date":0,"_expiration-date-type":"","_expiration-date-categories":[],"_expiration-date-options":[]},"categories":[9,5,34],"tags":[],"class_list":["post-31880","post","type-post","status-publish","format-standard","has-post-thumbnail","hentry","category-aktualno","category-projekti","category-utrinki"],"_links":{"self":[{"href":"https:\/\/fmalgaja.si\/index.php?rest_route=\/wp\/v2\/posts\/31880","targetHints":{"allow":["GET"]}}],"collection":[{"href":"https:\/\/fmalgaja.si\/index.php?rest_route=\/wp\/v2\/posts"}],"about":[{"href":"https:\/\/fmalgaja.si\/index.php?rest_route=\/wp\/v2\/types\/post"}],"author":[{"embeddable":true,"href":"https:\/\/fmalgaja.si\/index.php?rest_route=\/wp\/v2\/users\/41429"}],"replies":[{"embeddable":true,"href":"https:\/\/fmalgaja.si\/index.php?rest_route=%2Fwp%2Fv2%2Fcomments&post=31880"}],"version-history":[{"count":5,"href":"https:\/\/fmalgaja.si\/index.php?rest_route=\/wp\/v2\/posts\/31880\/revisions"}],"predecessor-version":[{"id":31917,"href":"https:\/\/fmalgaja.si\/index.php?rest_route=\/wp\/v2\/posts\/31880\/revisions\/31917"}],"wp:featuredmedia":[{"embeddable":true,"href":"https:\/\/fmalgaja.si\/index.php?rest_route=\/wp\/v2\/media\/31894"}],"wp:attachment":[{"href":"https:\/\/fmalgaja.si\/index.php?rest_route=%2Fwp%2Fv2%2Fmedia&parent=31880"}],"wp:term":[{"taxonomy":"category","embeddable":true,"href":"https:\/\/fmalgaja.si\/index.php?rest_route=%2Fwp%2Fv2%2Fcategories&post=31880"},{"taxonomy":"post_tag","embeddable":true,"href":"https:\/\/fmalgaja.si\/index.php?rest_route=%2Fwp%2Fv2%2Ftags&post=31880"}],"curies":[{"name":"wp","href":"https:\/\/api.w.org\/{rel}","templated":true}]}}