{"id":33176,"date":"2026-03-15T20:38:59","date_gmt":"2026-03-15T19:38:59","guid":{"rendered":"https:\/\/osfm-splet.splet.arnes.si\/?p=33176"},"modified":"2026-03-15T20:41:15","modified_gmt":"2026-03-15T19:41:15","slug":"pohod-s-celjske-koce-na-resevno","status":"publish","type":"post","link":"https:\/\/fmalgaja.si\/?p=33176","title":{"rendered":"POHOD S CELJSKE KO\u010cE NA RESEVNO"},"content":{"rendered":"<div id=\":xq\" class=\"Am aiL Al editable LW-avf tS-tW tS-tY\" role=\"textbox\" aria-label=\"Telo sporo\u010dila\" aria-controls=\":2z8\" aria-expanded=\"false\">\n<div>V soboto, 14. 3. 2026, smo se z mladimi \u010dlani planinskega kro\u017eka podali na razgiban planinski pohod, ki nam je postregel s sve\u017eim zrakom, strmimi vzponi in \u010dudovitimi razgledi.<\/div>\n<div>&nbsp;<\/div>\n<div>Na\u0161o pot smo za\u010deli v Zagradu pri gasilskem domu. \u017de takoj na za\u010detku smo pokazali svojo vztrajnost, saj so nas markacije za Celjsko ko\u010do vodile strmo navzgor skozi gozd. Ko smo premagali najstrmej\u0161i del poti, smo si privo\u0161\u010dili zaslu\u017een prvi postanek za kraj\u0161i po\u010ditek in okrep\u010dilo.<\/div>\n<div>&nbsp;<\/div>\n<div>Pot smo nadaljevali proti vzhodu po grebenu v smeri Tolstega vrha. Ta del poti je bil razmeroma polo\u017een in nas je vodil skozi pomirjujo\u010d bukov gozd, kjer smo lahko u\u017eivali v prebujajo\u010di se naravi.<\/div>\n<div>&nbsp;<\/div>\n<div>Nato pa nas je \u010dakal \u0161e zadnji izziv \u2013 vzpon proti Resevni. Hodili smo po razgibanem terenu, kjer so se gozdne poti izmenjevale s travniki. Ob prihodu na cilj so nekateri u\u010denci zbrali \u0161e zadnje mo\u010di in se povzpeli na razgledni stolp, od koder se je odprl \u010dudovit pogled na okolico.<\/div>\n<div>&nbsp;<\/div>\n<div>Utrujeni, a polni ponosa, smo dosegli cilj. Pri ko\u010di na Resevni so nas z nasmehom in ponosom pri\u010dakali star\u0161i. Pre\u017eiveli smo krasno sobotno dopoldne v naravi, ki nam bo vsem ostalo v lepem spominu.<\/div>\n<div>&nbsp;<\/div>\n<div><b>Hvala vsem mladim planincem za odli\u010dno dru\u017ebo in se vidimo na naslednjem vrhu!<\/b><\/div>\n<div>&nbsp;<\/div>\n<div><b>SRE\u010cNO!<\/b>&nbsp;<\/div>\n<div>ngg_shortcode_0_placeholder<\/div>\n<\/div>\n","protected":false},"excerpt":{"rendered":"<p>V soboto, 14. 3. 2026, smo se z mladimi \u010dlani planinskega kro\u017eka podali na razgiban planinski pohod, ki nam je postregel s sve\u017eim zrakom, strmimi vzponi in \u010dudovitimi razgledi. &nbsp; Na\u0161o pot smo za\u010deli v Zagradu pri gasilskem domu. \u017de takoj na za\u010detku smo pokazali svojo vztrajnost, saj so nas markacije za Celjsko ko\u010do vodile [&hellip;]<\/p>\n","protected":false},"author":120750,"featured_media":0,"comment_status":"closed","ping_status":"open","sticky":false,"template":"","format":"standard","meta":{"_et_pb_use_builder":"","_et_pb_old_content":"","_et_gb_content_width":"","ngg_post_thumbnail":0,"footnotes":"","_expiration-date-status":"","_expiration-date":0,"_expiration-date-type":"","_expiration-date-categories":[],"_expiration-date-options":[]},"categories":[9],"tags":[],"class_list":["post-33176","post","type-post","status-publish","format-standard","hentry","category-aktualno"],"_links":{"self":[{"href":"https:\/\/fmalgaja.si\/index.php?rest_route=\/wp\/v2\/posts\/33176","targetHints":{"allow":["GET"]}}],"collection":[{"href":"https:\/\/fmalgaja.si\/index.php?rest_route=\/wp\/v2\/posts"}],"about":[{"href":"https:\/\/fmalgaja.si\/index.php?rest_route=\/wp\/v2\/types\/post"}],"author":[{"embeddable":true,"href":"https:\/\/fmalgaja.si\/index.php?rest_route=\/wp\/v2\/users\/120750"}],"replies":[{"embeddable":true,"href":"https:\/\/fmalgaja.si\/index.php?rest_route=%2Fwp%2Fv2%2Fcomments&post=33176"}],"version-history":[{"count":6,"href":"https:\/\/fmalgaja.si\/index.php?rest_route=\/wp\/v2\/posts\/33176\/revisions"}],"predecessor-version":[{"id":33205,"href":"https:\/\/fmalgaja.si\/index.php?rest_route=\/wp\/v2\/posts\/33176\/revisions\/33205"}],"wp:attachment":[{"href":"https:\/\/fmalgaja.si\/index.php?rest_route=%2Fwp%2Fv2%2Fmedia&parent=33176"}],"wp:term":[{"taxonomy":"category","embeddable":true,"href":"https:\/\/fmalgaja.si\/index.php?rest_route=%2Fwp%2Fv2%2Fcategories&post=33176"},{"taxonomy":"post_tag","embeddable":true,"href":"https:\/\/fmalgaja.si\/index.php?rest_route=%2Fwp%2Fv2%2Ftags&post=33176"}],"curies":[{"name":"wp","href":"https:\/\/api.w.org\/{rel}","templated":true}]}}